{"id":5730,"date":"2026-04-15T13:37:35","date_gmt":"2026-04-15T11:37:35","guid":{"rendered":"https:\/\/kontakte-kontakty.de\/?p=5730"},"modified":"2026-04-27T13:49:38","modified_gmt":"2026-04-27T11:49:38","slug":"untermierter-gesucht","status":"publish","type":"post","link":"https:\/\/kontakte-kontakty.de\/ru\/untermierter-gesucht\/","title":{"rendered":"UNTERMIERTER GESUCHT!"},"content":{"rendered":"\n<p><strong>Wer m\u00f6chte mit uns unser B\u00fcro und\/oder unseren Veranstaltungsort teilen?<br>Feurigstr. 68, 10827 Berlin Sch\u00f6neberg<\/strong><\/p>\n\n\n\n<figure class=\"wp-block-image size-large is-resized\"><img decoding=\"async\" width=\"700\" height=\"700\" src=\"https:\/\/kontakte-kontakty.de\/wp-content\/uploads\/2026\/04\/Untermieter-gesucht-700x700.jpg\" alt=\"\" class=\"wp-image-5731\" style=\"width:535px;height:auto\" srcset=\"https:\/\/kontakte-kontakty.de\/wp-content\/uploads\/2026\/04\/Untermieter-gesucht-700x700.jpg 700w, https:\/\/kontakte-kontakty.de\/wp-content\/uploads\/2026\/04\/Untermieter-gesucht-300x300.jpg 300w, https:\/\/kontakte-kontakty.de\/wp-content\/uploads\/2026\/04\/Untermieter-gesucht-150x150.jpg 150w, https:\/\/kontakte-kontakty.de\/wp-content\/uploads\/2026\/04\/Untermieter-gesucht-768x768.jpg 768w, https:\/\/kontakte-kontakty.de\/wp-content\/uploads\/2026\/04\/Untermieter-gesucht-800x800.jpg 800w, https:\/\/kontakte-kontakty.de\/wp-content\/uploads\/2026\/04\/Untermieter-gesucht.jpg 1080w\" sizes=\"(max-width: 700px) 100vw, 700px\" \/><\/figure>\n\n\n\n<p>Unser Verein KONTAKTE-KOHTAKTbI ist ein gemeinn\u00fctziger Verein, der sich f\u00fcr den Austausch mit den L\u00e4ndern des \u00f6stlichen Europas, Zentralasiens und des Kaukasus einsetzt. Der Verein f\u00f6rdert vor allem im internationalen Austausch interkulturelle Toleranz, Aufkl\u00e4rung \u00fcber Geschichte und direkte Unterst\u00fctzung f\u00fcr die Opfer des Nationalsozialismus. <\/p>\n\n\n\n<p>Seit 2003 setzen wir uns insbesondere f\u00fcr die vergessenen Opfer des nationalsozialistischen Vernichtungskrieges gegen die Sowjetunion ein. Dies geschieht durch Spendensammlungen, Aufkl\u00e4rungsarbeit, Publikationen und Austauschprojekte. Unser Ziel ist es, L\u00fccken im Geschichtsbewusstsein zu schlie\u00dfen und die Lebenssituation der \u00dcberlebenden aktiv zu verbessern.<br>Durch monatliche Veranstaltungen bringen wir Perspektiven aus unseren Ziell\u00e4ndern einem Berliner Publikum nahe.<\/p>\n\n\n\n<figure class=\"wp-block-image size-large is-resized\"><img decoding=\"async\" width=\"700\" height=\"525\" src=\"https:\/\/kontakte-kontakty.de\/wp-content\/uploads\/2026\/04\/IMG_20250923_122229_070-700x525.jpg\" alt=\"\" class=\"wp-image-5732\" style=\"width:647px;height:auto\" srcset=\"https:\/\/kontakte-kontakty.de\/wp-content\/uploads\/2026\/04\/IMG_20250923_122229_070-700x525.jpg 700w, https:\/\/kontakte-kontakty.de\/wp-content\/uploads\/2026\/04\/IMG_20250923_122229_070-300x225.jpg 300w, https:\/\/kontakte-kontakty.de\/wp-content\/uploads\/2026\/04\/IMG_20250923_122229_070-768x576.jpg 768w, https:\/\/kontakte-kontakty.de\/wp-content\/uploads\/2026\/04\/IMG_20250923_122229_070-800x600.jpg 800w, https:\/\/kontakte-kontakty.de\/wp-content\/uploads\/2026\/04\/IMG_20250923_122229_070-80x60.jpg 80w, https:\/\/kontakte-kontakty.de\/wp-content\/uploads\/2026\/04\/IMG_20250923_122229_070.jpg 1280w\" sizes=\"(max-width: 700px) 100vw, 700px\" \/><\/figure>\n\n\n\n<p>Wir m\u00f6chten unsere sch\u00f6nen und multifunktionalen R\u00e4umlichkeiten mit Selbstst\u00e4ndigen oder einem Unternehmen oder anderen Verein teilen und anteilig zur Untermiete zur Verf\u00fcgung stellen. Unser Vereinsdomizil besteht aus einem gro\u00dfen Ladenraum mit Schaufenstern, den wir zur H\u00e4lfte als B\u00fcro und zur H\u00e4lfte als Veranstaltungsraum (f\u00fcr rund 40 Personen) nutzen. Au\u00dferdem gibt es eine voll ausgestattete K\u00fcche, eine Toilette und einen trockenen Kellerraum als Lager.<br>Es sind 2- 3 feste Arbeitspl\u00e4tze (wenn gew\u00fcnscht mit Schreibtischen ausgestattet) sowie bis zu 2 mobile<br>Arbeitspl\u00e4tze frei. Au\u00dferdem gibt es einen gro\u00dfen Tisch f\u00fcr Besprechungen, Regale und einen Drucker, die gemeinsam genutzt werden k\u00f6nnen.<br>Insgesamt betr\u00e4gt die Fl\u00e4che 138 qm.<br>Wir w\u00fcrden uns \u00fcber inhaltliche \u00dcberschneidungen in unserer Arbeit und gegenseitige Erg\u00e4nzung freuen.<br>Die folgenden Angaben sind zur Orientierung gedacht. Es ist auch eine kleinteiligere Beteiligung m\u00f6glich. <\/p>\n\n\n\n<p>Bitte sprechen Sie uns bei Interesse an!<br>Kosten pro Partei pro Monat bei Teilung 50\/50<br>Warmmiete: 910,00 Euro<br>Die Miete ist eine Staffelmiete und erh\u00f6ht sich jedes Jahr um ca. 13 Euro pro Monat und Partei.<br>Zus\u00e4tzlich zur Warmmiete kommen noch monatlich folgende Nebenkosten hinzu (derzeitiger Verbrauch):<\/p>\n\n\n\n<ul class=\"wp-block-list\">\n<li>Strom 25 Euro<\/li>\n\n\n\n<li>Geb\u00e4udeversicherung 66,21 Euro<\/li>\n\n\n\n<li>Wlan 10,00 Euro<\/li>\n\n\n\n<li>Reinigung 30 Euro<br>Gesamtkosten monatlich derzeit pro Partei bei einer anteiligen Nutzung von 50%: 1.041,21 Euro<br>Bei Fragen und Interesse an einem Besichtigungstermin melden Sie sich bei unserer Gesch\u00e4ftsf\u00fchrung Frau Vogel: +491520 4756887, vogel@kontakte-kontakty.de<\/li>\n<\/ul>\n\n\n\n<figure class=\"wp-block-image size-large is-resized\"><img decoding=\"async\" width=\"700\" height=\"394\" src=\"https:\/\/kontakte-kontakty.de\/wp-content\/uploads\/2026\/04\/20250310_130159-700x394.jpg\" alt=\"\" class=\"wp-image-5733\" style=\"width:713px;height:auto\" srcset=\"https:\/\/kontakte-kontakty.de\/wp-content\/uploads\/2026\/04\/20250310_130159-700x394.jpg 700w, https:\/\/kontakte-kontakty.de\/wp-content\/uploads\/2026\/04\/20250310_130159-300x169.jpg 300w, https:\/\/kontakte-kontakty.de\/wp-content\/uploads\/2026\/04\/20250310_130159-768x432.jpg 768w, https:\/\/kontakte-kontakty.de\/wp-content\/uploads\/2026\/04\/20250310_130159-1536x864.jpg 1536w, https:\/\/kontakte-kontakty.de\/wp-content\/uploads\/2026\/04\/20250310_130159-2048x1152.jpg 2048w, https:\/\/kontakte-kontakty.de\/wp-content\/uploads\/2026\/04\/20250310_130159-800x450.jpg 800w\" sizes=\"(max-width: 700px) 100vw, 700px\" \/><\/figure>\n","protected":false},"excerpt":{"rendered":"<p>Wer m\u00f6chte mit uns unser B\u00fcro und\/oder unseren Veranstaltungsort teilen?Feurigstr. 68, 10827 Berlin Sch\u00f6neberg Unser Verein KONTAKTE-KOHTAKTbI ist ein gemeinn\u00fctziger Verein, der sich f\u00fcr den Austausch mit den L\u00e4ndern des \u00f6stlichen Europas, Zentralasiens und des Kaukasus einsetzt. Der Verein f\u00f6rdert vor allem im internationalen Austausch interkulturelle Toleranz, Aufkl\u00e4rung \u00fcber Geschichte und direkte Unterst\u00fctzung f\u00fcr die&#8230;<\/p>\n","protected":false},"author":6,"featured_media":5731,"comment_status":"closed","ping_status":"closed","sticky":false,"template":"","format":"standard","meta":{"_coblocks_attr":"","_coblocks_dimensions":"","_coblocks_responsive_height":"","_coblocks_accordion_ie_support":"","_uag_custom_page_level_css":"","footnotes":""},"categories":[21],"tags":[143,189,144,139,141,190,188],"class_list":["post-5730","post","type-post","status-publish","format-standard","has-post-thumbnail","hentry","category-meldungen","tag-berlin","tag-bueroraeume","tag-schoeneberg","tag-untermiete","tag-veranstaltungsraum","tag-verein","tag-zentrale-lage"],"translation":{"provider":"WPGlobus","version":"3.0.2","language":"ru","enabled_languages":["de","ru"],"languages":{"de":{"title":true,"content":true,"excerpt":false},"ru":{"title":false,"content":false,"excerpt":false}}},"uagb_featured_image_src":{"full":["https:\/\/kontakte-kontakty.de\/wp-content\/uploads\/2026\/04\/Untermieter-gesucht.jpg",1080,1080,false],"thumbnail":["https:\/\/kontakte-kontakty.de\/wp-content\/uploads\/2026\/04\/Untermieter-gesucht-150x150.jpg",150,150,true],"medium":["https:\/\/kontakte-kontakty.de\/wp-content\/uploads\/2026\/04\/Untermieter-gesucht-300x300.jpg",300,300,true],"medium_large":["https:\/\/kontakte-kontakty.de\/wp-content\/uploads\/2026\/04\/Untermieter-gesucht-768x768.jpg",700,700,true],"large":["https:\/\/kontakte-kontakty.de\/wp-content\/uploads\/2026\/04\/Untermieter-gesucht-700x700.jpg",700,700,true],"1536x1536":["https:\/\/kontakte-kontakty.de\/wp-content\/uploads\/2026\/04\/Untermieter-gesucht.jpg",1080,1080,false],"2048x2048":["https:\/\/kontakte-kontakty.de\/wp-content\/uploads\/2026\/04\/Untermieter-gesucht.jpg",1080,1080,false],"post-thumbnail":["https:\/\/kontakte-kontakty.de\/wp-content\/uploads\/2026\/04\/Untermieter-gesucht-800x800.jpg",800,800,true],"graphy-post-thumbnail-large":["https:\/\/kontakte-kontakty.de\/wp-content\/uploads\/2026\/04\/Untermieter-gesucht-1080x600.jpg",1080,600,true],"graphy-post-thumbnail-medium":["https:\/\/kontakte-kontakty.de\/wp-content\/uploads\/2026\/04\/Untermieter-gesucht-482x300.jpg",482,300,true],"graphy-post-thumbnail-small":["https:\/\/kontakte-kontakty.de\/wp-content\/uploads\/2026\/04\/Untermieter-gesucht-80x60.jpg",80,60,true],"graphy-page-thumbnail":["https:\/\/kontakte-kontakty.de\/wp-content\/uploads\/2026\/04\/Untermieter-gesucht-1080x350.jpg",1080,350,true]},"uagb_author_info":{"display_name":"Sv3tLANA","author_link":"https:\/\/kontakte-kontakty.de\/ru\/author\/sv3tlana\/"},"uagb_comment_info":0,"uagb_excerpt":"Wer m\u00f6chte mit uns unser B\u00fcro und\/oder unseren Veranstaltungsort teilen?Feurigstr. 68, 10827 Berlin Sch\u00f6neberg Unser Verein KONTAKTE-KOHTAKTbI ist ein gemeinn\u00fctziger Verein, der sich f\u00fcr den Austausch mit den L\u00e4ndern des \u00f6stlichen Europas, Zentralasiens und des Kaukasus einsetzt. Der Verein f\u00f6rdert vor allem im internationalen Austausch interkulturelle Toleranz, Aufkl\u00e4rung \u00fcber Geschichte und direkte Unterst\u00fctzung f\u00fcr die...","_links":{"self":[{"href":"https:\/\/kontakte-kontakty.de\/ru\/wp-json\/wp\/v2\/posts\/5730","targetHints":{"allow":["GET"]}}],"collection":[{"href":"https:\/\/kontakte-kontakty.de\/ru\/wp-json\/wp\/v2\/posts"}],"about":[{"href":"https:\/\/kontakte-kontakty.de\/ru\/wp-json\/wp\/v2\/types\/post"}],"author":[{"embeddable":true,"href":"https:\/\/kontakte-kontakty.de\/ru\/wp-json\/wp\/v2\/users\/6"}],"replies":[{"embeddable":true,"href":"https:\/\/kontakte-kontakty.de\/ru\/wp-json\/wp\/v2\/comments?post=5730"}],"version-history":[{"count":1,"href":"https:\/\/kontakte-kontakty.de\/ru\/wp-json\/wp\/v2\/posts\/5730\/revisions"}],"predecessor-version":[{"id":5734,"href":"https:\/\/kontakte-kontakty.de\/ru\/wp-json\/wp\/v2\/posts\/5730\/revisions\/5734"}],"wp:featuredmedia":[{"embeddable":true,"href":"https:\/\/kontakte-kontakty.de\/ru\/wp-json\/wp\/v2\/media\/5731"}],"wp:attachment":[{"href":"https:\/\/kontakte-kontakty.de\/ru\/wp-json\/wp\/v2\/media?parent=5730"}],"wp:term":[{"taxonomy":"category","embeddable":true,"href":"https:\/\/kontakte-kontakty.de\/ru\/wp-json\/wp\/v2\/categories?post=5730"},{"taxonomy":"post_tag","embeddable":true,"href":"https:\/\/kontakte-kontakty.de\/ru\/wp-json\/wp\/v2\/tags?post=5730"}],"curies":[{"name":"wp","href":"https:\/\/api.w.org\/{rel}","templated":true}]}}