{"id":5507,"date":"2024-11-18T19:58:40","date_gmt":"2024-11-18T18:58:40","guid":{"rendered":"https:\/\/kontakte-kontakty.de\/?p=5507"},"modified":"2024-11-18T20:14:00","modified_gmt":"2024-11-18T19:14:00","slug":"nachruf-peter-lind","status":"publish","type":"post","link":"https:\/\/kontakte-kontakty.de\/ru\/nachruf-peter-lind\/","title":{"rendered":"Nachruf: Peter Lind"},"content":{"rendered":"\n<p>Wir trauern um unser Mitglied Peter Lind, dem Initiator des \u201eMontagskinos\u201c. Peter wurde 1940 im englischen Bridgwater (sic!) geboren, wohin seine Eltern rechtzeitig emigriert waren, und starb im Oktober 2024 in Berlin.<\/p>\n\n\n\n<figure class=\"wp-block-image size-large\"><img decoding=\"async\" width=\"700\" height=\"510\" src=\"https:\/\/kontakte-kontakty.de\/wp-content\/uploads\/2024\/11\/24-10-16-x-Peter-Lind-Foto-1-700x510.jpg\" alt=\"\" class=\"wp-image-5511\" srcset=\"https:\/\/kontakte-kontakty.de\/wp-content\/uploads\/2024\/11\/24-10-16-x-Peter-Lind-Foto-1-700x510.jpg 700w, https:\/\/kontakte-kontakty.de\/wp-content\/uploads\/2024\/11\/24-10-16-x-Peter-Lind-Foto-1-300x218.jpg 300w, https:\/\/kontakte-kontakty.de\/wp-content\/uploads\/2024\/11\/24-10-16-x-Peter-Lind-Foto-1-768x559.jpg 768w, https:\/\/kontakte-kontakty.de\/wp-content\/uploads\/2024\/11\/24-10-16-x-Peter-Lind-Foto-1-800x582.jpg 800w, https:\/\/kontakte-kontakty.de\/wp-content\/uploads\/2024\/11\/24-10-16-x-Peter-Lind-Foto-1.jpg 901w\" sizes=\"(max-width: 700px) 100vw, 700px\" \/><\/figure>\n\n\n\n<p><em>Foto \u00a9 EVG<\/em><\/p>\n\n\n\n<p>Peter Lind wurde 2006 Mitglied im Verein KONTAKTE-KOHTAKTbI e.V.&nbsp; Er schlug Eberhard Radczuweit vor, Filmvorf\u00fchrungen anzubieten, parallel zu den regelm\u00e4\u00dfigen Jours Fixes mit kulturellen, historischen und politischen Themen rund um die L\u00e4nder der ehemaligen Sowjetunion, bei denen ab und an mit gro\u00dfem Zuspruch Stummfilme mit Live-Musik durch Gottfried Eberle am Fl\u00fcgel gezeigt wurden. Peter Lind stellte die sowjetischen und einige postsowjetische Filme aus seiner gro\u00dfen Filmsammlung, aber auch die notwendige Technik einschlie\u00dflich von Verdunklungsvorh\u00e4ngen zur Verf\u00fcgung und w\u00e4hlte die Filme aus. Und so begann am ersten Montag im September 2006 das \u201eMontagskino\u201c mit der Vorf\u00fchrung des Pudowkin-Films \u201eSturm \u00fcber Asien\u201c, Gottfried Eberle begleitete am Fl\u00fcgel und Eberhard Radczuweit sprach die Zwischentitel ein, denn auf der gezeigten Filmkopie waren sie italienisch. <\/p>\n\n\n\n<p>Seit 2006 zeigte er mit Ausnahme der Sommermonate und zwei Jahren Coronaunterbrechung jeden Monat einen Film aus seinem Archiv. Meistens aus der ehemaligen Sowjetunion, aber auch sehr selten einen neueren aus Russland oder Georgien. F\u00fcr die Vorf\u00fchrung von aktuellen Filmen bestanden zu viele rechtliche, finanzielle und technische H\u00fcrden. Es war Peter in \u00dcbereinstimmung mit den Zielen des Vereins wichtig, mit dem Zeigen der in Westberlin weitgehend unbekannten Filme ein Fenster zu \u00f6ffnen f\u00fcr einen neuen und unbefangenen Blick auf die L\u00e4nder der ehemaligen Sowjetunion und ihre Menschen.<\/p>\n\n\n\n<p>Peter, selbst interessiert und belesen, hatte ein gro\u00dfes geschichtliches Wissen, war h\u00e4ufiger Besucher von Veranstaltungen des Vereins, Unterst\u00fctzer und Vermittler von Kontakten bei Veranstaltungen und selbst auf der \u201eB\u00fchne\u201c bei Veranstaltungen. Seine Einf\u00fchrungen in Filme, gew\u00fcrzt mit einer Spur Ironie, seine trockenen Kommentare werden wir nicht vergessen. Wir werden weiter aus Peters Archiv sch\u00f6pfen, aber es wird nicht mehr das gleiche \u201eMontagskino\u201c sein. Danke Peter.<\/p>\n\n\n\n<p>Die Trauerfeier findet am 4.Dezember 2024 um 11:00 Uhr auf dem Alten St. Matth\u00e4usfriedhof, Gro\u00dfg\u00f6rschenstr. 12-14, 10829 Berlin statt. <\/p>\n","protected":false},"excerpt":{"rendered":"<p>Wir trauern um unser Mitglied Peter Lind, dem Initiator des \u201eMontagskinos\u201c. Peter wurde 1940 im englischen Bridgwater (sic!) geboren, wohin seine Eltern rechtzeitig emigriert waren, und starb im Oktober 2024 in Berlin. Foto \u00a9 EVG Peter Lind wurde 2006 Mitglied im Verein KONTAKTE-KOHTAKTbI e.V.&nbsp; Er schlug Eberhard Radczuweit vor, Filmvorf\u00fchrungen anzubieten, parallel zu den regelm\u00e4\u00dfigen&#8230;<\/p>\n","protected":false},"author":6,"featured_media":5511,"comment_status":"closed","ping_status":"closed","sticky":false,"template":"","format":"standard","meta":{"_coblocks_attr":"","_coblocks_dimensions":"","_coblocks_responsive_height":"","_coblocks_accordion_ie_support":"","_uag_custom_page_level_css":"","footnotes":""},"categories":[21],"tags":[],"class_list":["post-5507","post","type-post","status-publish","format-standard","has-post-thumbnail","hentry","category-meldungen"],"translation":{"provider":"WPGlobus","version":"3.0.2","language":"ru","enabled_languages":["de","ru"],"languages":{"de":{"title":true,"content":true,"excerpt":false},"ru":{"title":false,"content":false,"excerpt":false}}},"uagb_featured_image_src":{"full":["https:\/\/kontakte-kontakty.de\/wp-content\/uploads\/2024\/11\/24-10-16-x-Peter-Lind-Foto-1.jpg",901,656,false],"thumbnail":["https:\/\/kontakte-kontakty.de\/wp-content\/uploads\/2024\/11\/24-10-16-x-Peter-Lind-Foto-1-150x150.jpg",150,150,true],"medium":["https:\/\/kontakte-kontakty.de\/wp-content\/uploads\/2024\/11\/24-10-16-x-Peter-Lind-Foto-1-300x218.jpg",300,218,true],"medium_large":["https:\/\/kontakte-kontakty.de\/wp-content\/uploads\/2024\/11\/24-10-16-x-Peter-Lind-Foto-1-768x559.jpg",700,510,true],"large":["https:\/\/kontakte-kontakty.de\/wp-content\/uploads\/2024\/11\/24-10-16-x-Peter-Lind-Foto-1-700x510.jpg",700,510,true],"1536x1536":["https:\/\/kontakte-kontakty.de\/wp-content\/uploads\/2024\/11\/24-10-16-x-Peter-Lind-Foto-1.jpg",901,656,false],"2048x2048":["https:\/\/kontakte-kontakty.de\/wp-content\/uploads\/2024\/11\/24-10-16-x-Peter-Lind-Foto-1.jpg",901,656,false],"post-thumbnail":["https:\/\/kontakte-kontakty.de\/wp-content\/uploads\/2024\/11\/24-10-16-x-Peter-Lind-Foto-1-800x582.jpg",800,582,true],"graphy-post-thumbnail-large":["https:\/\/kontakte-kontakty.de\/wp-content\/uploads\/2024\/11\/24-10-16-x-Peter-Lind-Foto-1-901x600.jpg",901,600,true],"graphy-post-thumbnail-medium":["https:\/\/kontakte-kontakty.de\/wp-content\/uploads\/2024\/11\/24-10-16-x-Peter-Lind-Foto-1-482x300.jpg",482,300,true],"graphy-post-thumbnail-small":["https:\/\/kontakte-kontakty.de\/wp-content\/uploads\/2024\/11\/24-10-16-x-Peter-Lind-Foto-1-80x60.jpg",80,60,true],"graphy-page-thumbnail":["https:\/\/kontakte-kontakty.de\/wp-content\/uploads\/2024\/11\/24-10-16-x-Peter-Lind-Foto-1-901x350.jpg",901,350,true]},"uagb_author_info":{"display_name":"Sv3tLANA","author_link":"https:\/\/kontakte-kontakty.de\/ru\/author\/sv3tlana\/"},"uagb_comment_info":0,"uagb_excerpt":"Wir trauern um unser Mitglied Peter Lind, dem Initiator des \u201eMontagskinos\u201c. Peter wurde 1940 im englischen Bridgwater (sic!) geboren, wohin seine Eltern rechtzeitig emigriert waren, und starb im Oktober 2024 in Berlin. Foto \u00a9 EVG Peter Lind wurde 2006 Mitglied im Verein KONTAKTE-KOHTAKTbI e.V.&nbsp; Er schlug Eberhard Radczuweit vor, Filmvorf\u00fchrungen anzubieten, parallel zu den regelm\u00e4\u00dfigen...","_links":{"self":[{"href":"https:\/\/kontakte-kontakty.de\/ru\/wp-json\/wp\/v2\/posts\/5507","targetHints":{"allow":["GET"]}}],"collection":[{"href":"https:\/\/kontakte-kontakty.de\/ru\/wp-json\/wp\/v2\/posts"}],"about":[{"href":"https:\/\/kontakte-kontakty.de\/ru\/wp-json\/wp\/v2\/types\/post"}],"author":[{"embeddable":true,"href":"https:\/\/kontakte-kontakty.de\/ru\/wp-json\/wp\/v2\/users\/6"}],"replies":[{"embeddable":true,"href":"https:\/\/kontakte-kontakty.de\/ru\/wp-json\/wp\/v2\/comments?post=5507"}],"version-history":[{"count":2,"href":"https:\/\/kontakte-kontakty.de\/ru\/wp-json\/wp\/v2\/posts\/5507\/revisions"}],"predecessor-version":[{"id":5512,"href":"https:\/\/kontakte-kontakty.de\/ru\/wp-json\/wp\/v2\/posts\/5507\/revisions\/5512"}],"wp:featuredmedia":[{"embeddable":true,"href":"https:\/\/kontakte-kontakty.de\/ru\/wp-json\/wp\/v2\/media\/5511"}],"wp:attachment":[{"href":"https:\/\/kontakte-kontakty.de\/ru\/wp-json\/wp\/v2\/media?parent=5507"}],"wp:term":[{"taxonomy":"category","embeddable":true,"href":"https:\/\/kontakte-kontakty.de\/ru\/wp-json\/wp\/v2\/categories?post=5507"},{"taxonomy":"post_tag","embeddable":true,"href":"https:\/\/kontakte-kontakty.de\/ru\/wp-json\/wp\/v2\/tags?post=5507"}],"curies":[{"name":"wp","href":"https:\/\/api.w.org\/{rel}","templated":true}]}}