{"id":5495,"date":"2024-10-18T15:07:49","date_gmt":"2024-10-18T13:07:49","guid":{"rendered":"https:\/\/kontakte-kontakty.de\/?p=5495"},"modified":"2024-10-18T15:34:54","modified_gmt":"2024-10-18T13:34:54","slug":"letzte-wintertage-erinnerungen-einer-ueberlebenden-der-verbrannten-doerfer-in-belarus-eine-literarische-und-musikalische-vorstellung-jour-fixe-am-8-11-2024","status":"publish","type":"post","link":"https:\/\/kontakte-kontakty.de\/ru\/letzte-wintertage-erinnerungen-einer-ueberlebenden-der-verbrannten-doerfer-in-belarus-eine-literarische-und-musikalische-vorstellung-jour-fixe-am-8-11-2024\/","title":{"rendered":"\u201eLetzte Wintertage\u201c: Erinnerungen einer \u00dcberlebenden der verbrannten D\u00f6rfer in Belarus \u2013 eine literarische und musikalische Vorstellung. Jour fixe am 8.11.2024"},"content":{"rendered":"\n<p>Herzliche Einladung zum Jour fixe am Freitag, den 8.November 2024 um 19:00 Uhr bei KONTAKTE- KOHTAKTbI e. V., Feurigstra\u00dfe 68, 10827 Berlin-Sch\u00f6neberg<\/p>\n\n\n\n<div class=\"wp-block-media-text is-stacked-on-mobile is-vertically-aligned-center\"><figure class=\"wp-block-media-text__media\"><img decoding=\"async\" width=\"700\" height=\"993\" src=\"https:\/\/kontakte-kontakty.de\/wp-content\/uploads\/2024\/10\/cover-700x993.jpg\" alt=\"\" class=\"wp-image-5497 size-full\" srcset=\"https:\/\/kontakte-kontakty.de\/wp-content\/uploads\/2024\/10\/cover-700x993.jpg 700w, https:\/\/kontakte-kontakty.de\/wp-content\/uploads\/2024\/10\/cover-212x300.jpg 212w, https:\/\/kontakte-kontakty.de\/wp-content\/uploads\/2024\/10\/cover-768x1089.jpg 768w, https:\/\/kontakte-kontakty.de\/wp-content\/uploads\/2024\/10\/cover-1083x1536.jpg 1083w, https:\/\/kontakte-kontakty.de\/wp-content\/uploads\/2024\/10\/cover-1444x2048.jpg 1444w, https:\/\/kontakte-kontakty.de\/wp-content\/uploads\/2024\/10\/cover-800x1135.jpg 800w, https:\/\/kontakte-kontakty.de\/wp-content\/uploads\/2024\/10\/cover.jpg 1750w\" sizes=\"(max-width: 700px) 100vw, 700px\" \/><\/figure><div class=\"wp-block-media-text__content\">\n<p>W\u00e4hrend der deutschen Besatzungszeit 1941\u20131944 zerst\u00f6rte die Wehrmacht in Belarus 9.200 Ortschaften. 5.295 D\u00f6rfer wurden unter dem Vorwand der \u201ePartisanenbek\u00e4mpfung\u201c niedergebrannt, die Bewohnerinnen und Bewohner wurden zur Zwangsarbeit verschleppt oder ermordet.<\/p>\n\n\n\n<p><strong>Alina Galasuy<\/strong> geh\u00f6rt zu den \u00dcberlebenden der verbrannten D\u00f6rfer in Belarus. Ihr Sohn \u2013 Grafiker und Musiker <strong>Sergey Galasuy<\/strong> \u2013 stellt die Erinnerungen seiner Mutter vor.<\/p>\n\n\n\n<p>Die autobiografische Geschichte erz\u00e4hlt von Alinas gestohlener Kindheit, vom \u00dcberleben trotz des Krieges und vom Aufbewahren der Erinnerung an die NS-Verbrechen als Mahnung f\u00fcr die nachfolgenden Generationen.<\/p>\n<\/div><\/div>\n\n\n\n<p>Bild \u00a9 Sergey Galasuy<\/p>\n\n\n\n<p> Die literarische Lesung wird von der belarussischen Live-Ethnomusik umrahmt.<\/p>\n\n\n\n<p>Moderation: <strong>Dr. Irina Rebrova<\/strong>, Historikerin, Vorstandsmitglied KONTAKTE-KONTAKTbI e.V.&nbsp;&nbsp;&nbsp;&nbsp;&nbsp;&nbsp;&nbsp;&nbsp;&nbsp;&nbsp;&nbsp;&nbsp;&nbsp;&nbsp;&nbsp;&nbsp;&nbsp;&nbsp;&nbsp;&nbsp;&nbsp;&nbsp;&nbsp;&nbsp;&nbsp;&nbsp;&nbsp;&nbsp;&nbsp;&nbsp;&nbsp;&nbsp;&nbsp;&nbsp;&nbsp;&nbsp;&nbsp;&nbsp;&nbsp;&nbsp;&nbsp;&nbsp;&nbsp;&nbsp;&nbsp;&nbsp;&nbsp;&nbsp;&nbsp;&nbsp;&nbsp;&nbsp;&nbsp;&nbsp;&nbsp;&nbsp;&nbsp;&nbsp;&nbsp;&nbsp;&nbsp;&nbsp;&nbsp;&nbsp;&nbsp;&nbsp;&nbsp;&nbsp;&nbsp;&nbsp;&nbsp;&nbsp;&nbsp;&nbsp;&nbsp;&nbsp;&nbsp;&nbsp;&nbsp;&nbsp;&nbsp;&nbsp;&nbsp;&nbsp;&nbsp;&nbsp;&nbsp;&nbsp;&nbsp;&nbsp;&nbsp;&nbsp;&nbsp;&nbsp;&nbsp;&nbsp;&nbsp;&nbsp;&nbsp;&nbsp;&nbsp;&nbsp; &nbsp;&nbsp;&nbsp;&nbsp;&nbsp;&nbsp;&nbsp;&nbsp;&nbsp;&nbsp;&nbsp;&nbsp;&nbsp;&nbsp;&nbsp;&nbsp;&nbsp;&nbsp;&nbsp;<\/p>\n\n\n\n<p>Im Anschluss laden wir Sie ein zum Gespr\u00e4ch untereinander und mit unserem Referenten bei einigen Getr\u00e4nken und etwas zu essen. &nbsp;&nbsp;&nbsp;&nbsp;&nbsp;&nbsp;&nbsp;&nbsp;&nbsp;&nbsp;&nbsp;&nbsp;&nbsp;&nbsp;&nbsp;&nbsp;&nbsp;&nbsp;&nbsp;&nbsp;&nbsp;&nbsp;&nbsp;&nbsp;&nbsp;&nbsp;&nbsp;&nbsp;&nbsp; &nbsp;&nbsp;&nbsp;&nbsp;&nbsp;&nbsp;&nbsp;&nbsp; &nbsp;&nbsp;&nbsp;&nbsp;&nbsp;&nbsp;&nbsp;&nbsp;&nbsp;&nbsp;&nbsp;&nbsp;&nbsp;&nbsp;&nbsp;&nbsp;&nbsp;&nbsp;&nbsp;&nbsp;&nbsp;&nbsp;&nbsp;&nbsp;&nbsp;&nbsp;&nbsp;&nbsp;&nbsp;&nbsp;&nbsp;&nbsp;&nbsp;&nbsp;&nbsp;&nbsp;&nbsp;&nbsp;&nbsp;&nbsp;&nbsp;&nbsp;&nbsp;&nbsp;&nbsp;<\/p>\n\n\n\n<p>Eintritt frei. Anmeldung erw\u00fcnscht (per E-Mail: info@kontakte-kontakty.de oder Telefon: +49 30 78705288).&nbsp;&nbsp;&nbsp;&nbsp;<\/p>\n\n\n\n<p>Mehr zum Thema &#8220;\u00dcberlebende der verbrannten D\u00f6rfer in Belarus&#8221;: <a href=\"https:\/\/kontakte-kontakty.de\/ueberlebende-der-verbrannten-doerfer-in-belarus\/\" target=\"_blank\" rel=\"noreferrer noopener\">https:\/\/kontakte-kontakty.de\/ueberlebende-der-verbrannten-doerfer-in-belarus\/<\/a><\/p>\n\n\n\n<p>Folgen Sie uns:\u00a0<a href=\"https:\/\/www.facebook.com\/kontaktekontakty\/\" target=\"_blank\" rel=\"noreferrer noopener\">https:\/\/www.facebook.com\/kontaktekontakty\/<\/a> oder <a href=\"https:\/\/www.instagram.com\/kontakte_kontakty\/\" target=\"_blank\" rel=\"noreferrer noopener\">https:\/\/www.instagram.com\/kontakte_kontakty\/<\/a> \u00a0\u00a0\u00a0\u00a0<\/p>\n\n\n\n<p>Wir freuen uns auf Ihr Kommen!<\/p>\n","protected":false},"excerpt":{"rendered":"<p>Herzliche Einladung zum Jour fixe am Freitag, den 8.November 2024 um 19:00 Uhr bei KONTAKTE- KOHTAKTbI e. V., Feurigstra\u00dfe 68, 10827 Berlin-Sch\u00f6neberg W\u00e4hrend der deutschen Besatzungszeit 1941\u20131944 zerst\u00f6rte die Wehrmacht in Belarus 9.200 Ortschaften. 5.295 D\u00f6rfer wurden unter dem Vorwand der \u201ePartisanenbek\u00e4mpfung\u201c niedergebrannt, die Bewohnerinnen und Bewohner wurden zur Zwangsarbeit verschleppt oder ermordet. Alina Galasuy&#8230;<\/p>\n","protected":false},"author":6,"featured_media":5497,"comment_status":"closed","ping_status":"closed","sticky":false,"template":"","format":"standard","meta":{"_coblocks_attr":"","_coblocks_dimensions":"","_coblocks_responsive_height":"","_coblocks_accordion_ie_support":"","_uag_custom_page_level_css":"","footnotes":""},"categories":[21,20],"tags":[34,114,115,93,106,79,48,53,40,35],"class_list":["post-5495","post","type-post","status-publish","format-standard","has-post-thumbnail","hentry","category-meldungen","category-veranstaltungen","tag-belarus","tag-dr-irina-rebrova","tag-erinnerung","tag-erinnerungskultur","tag-erinnerungspolitik","tag-geschichte","tag-nationalsozialismus","tag-ns-verbrechen","tag-sowjetunion","tag-zweiter-weltkrieg"],"translation":{"provider":"WPGlobus","version":"3.0.2","language":"ru","enabled_languages":["de","ru"],"languages":{"de":{"title":true,"content":true,"excerpt":false},"ru":{"title":false,"content":false,"excerpt":false}}},"uagb_featured_image_src":{"full":["https:\/\/kontakte-kontakty.de\/wp-content\/uploads\/2024\/10\/cover.jpg",1750,2482,false],"thumbnail":["https:\/\/kontakte-kontakty.de\/wp-content\/uploads\/2024\/10\/cover-150x150.jpg",150,150,true],"medium":["https:\/\/kontakte-kontakty.de\/wp-content\/uploads\/2024\/10\/cover-212x300.jpg",212,300,true],"medium_large":["https:\/\/kontakte-kontakty.de\/wp-content\/uploads\/2024\/10\/cover-768x1089.jpg",700,993,true],"large":["https:\/\/kontakte-kontakty.de\/wp-content\/uploads\/2024\/10\/cover-700x993.jpg",700,993,true],"1536x1536":["https:\/\/kontakte-kontakty.de\/wp-content\/uploads\/2024\/10\/cover-1083x1536.jpg",1083,1536,true],"2048x2048":["https:\/\/kontakte-kontakty.de\/wp-content\/uploads\/2024\/10\/cover-1444x2048.jpg",1444,2048,true],"post-thumbnail":["https:\/\/kontakte-kontakty.de\/wp-content\/uploads\/2024\/10\/cover-800x1135.jpg",800,1135,true],"graphy-post-thumbnail-large":["https:\/\/kontakte-kontakty.de\/wp-content\/uploads\/2024\/10\/cover-1080x600.jpg",1080,600,true],"graphy-post-thumbnail-medium":["https:\/\/kontakte-kontakty.de\/wp-content\/uploads\/2024\/10\/cover-482x300.jpg",482,300,true],"graphy-post-thumbnail-small":["https:\/\/kontakte-kontakty.de\/wp-content\/uploads\/2024\/10\/cover-80x60.jpg",80,60,true],"graphy-page-thumbnail":["https:\/\/kontakte-kontakty.de\/wp-content\/uploads\/2024\/10\/cover-1260x350.jpg",1260,350,true]},"uagb_author_info":{"display_name":"Sv3tLANA","author_link":"https:\/\/kontakte-kontakty.de\/ru\/author\/sv3tlana\/"},"uagb_comment_info":0,"uagb_excerpt":"Herzliche Einladung zum Jour fixe am Freitag, den 8.November 2024 um 19:00 Uhr bei KONTAKTE- KOHTAKTbI e. V., Feurigstra\u00dfe 68, 10827 Berlin-Sch\u00f6neberg W\u00e4hrend der deutschen Besatzungszeit 1941\u20131944 zerst\u00f6rte die Wehrmacht in Belarus 9.200 Ortschaften. 5.295 D\u00f6rfer wurden unter dem Vorwand der \u201ePartisanenbek\u00e4mpfung\u201c niedergebrannt, die Bewohnerinnen und Bewohner wurden zur Zwangsarbeit verschleppt oder ermordet. Alina Galasuy...","_links":{"self":[{"href":"https:\/\/kontakte-kontakty.de\/ru\/wp-json\/wp\/v2\/posts\/5495","targetHints":{"allow":["GET"]}}],"collection":[{"href":"https:\/\/kontakte-kontakty.de\/ru\/wp-json\/wp\/v2\/posts"}],"about":[{"href":"https:\/\/kontakte-kontakty.de\/ru\/wp-json\/wp\/v2\/types\/post"}],"author":[{"embeddable":true,"href":"https:\/\/kontakte-kontakty.de\/ru\/wp-json\/wp\/v2\/users\/6"}],"replies":[{"embeddable":true,"href":"https:\/\/kontakte-kontakty.de\/ru\/wp-json\/wp\/v2\/comments?post=5495"}],"version-history":[{"count":5,"href":"https:\/\/kontakte-kontakty.de\/ru\/wp-json\/wp\/v2\/posts\/5495\/revisions"}],"predecessor-version":[{"id":5502,"href":"https:\/\/kontakte-kontakty.de\/ru\/wp-json\/wp\/v2\/posts\/5495\/revisions\/5502"}],"wp:featuredmedia":[{"embeddable":true,"href":"https:\/\/kontakte-kontakty.de\/ru\/wp-json\/wp\/v2\/media\/5497"}],"wp:attachment":[{"href":"https:\/\/kontakte-kontakty.de\/ru\/wp-json\/wp\/v2\/media?parent=5495"}],"wp:term":[{"taxonomy":"category","embeddable":true,"href":"https:\/\/kontakte-kontakty.de\/ru\/wp-json\/wp\/v2\/categories?post=5495"},{"taxonomy":"post_tag","embeddable":true,"href":"https:\/\/kontakte-kontakty.de\/ru\/wp-json\/wp\/v2\/tags?post=5495"}],"curies":[{"name":"wp","href":"https:\/\/api.w.org\/{rel}","templated":true}]}}