{"id":5279,"date":"2024-03-11T23:28:02","date_gmt":"2024-03-11T22:28:02","guid":{"rendered":"https:\/\/kontakte-kontakty.de\/?p=5279"},"modified":"2025-08-16T10:31:45","modified_gmt":"2025-08-16T08:31:45","slug":"verbrannte-doerfer-in-belarus-geschichte-und-erinnerung-jour-fixe-am-22-maerz-2024","status":"publish","type":"post","link":"https:\/\/kontakte-kontakty.de\/ru\/verbrannte-doerfer-in-belarus-geschichte-und-erinnerung-jour-fixe-am-22-maerz-2024\/","title":{"rendered":"\u201eVerbrannte D\u00f6rfer\u201c in Belarus \u2013 Geschichte und Erinnerung. Jour fixe am 22. M\u00e4rz 2024"},"content":{"rendered":"\n<p>Herzliche Einladung zum Jour fixe&nbsp;am Freitag, den 22.M\u00e4rz 2024 um 19:00 Uhr bei KONTAKTE-KOHTAKTbI e.V., Feurigstra\u00dfe 68, 10827 Berlin-Sch\u00f6neberg (S1 Bahnhof Julius-Leber-Br\u00fccke)<\/p>\n\n\n\n<p>Die im Zweiten Weltkrieg systematisch ausge\u00fcbte Gewalt gegen die l\u00e4ndliche Zivilbev\u00f6lkerung in den von der deutschen Wehrmacht besetzten L\u00e4ndern des \u00f6stlichen Europas reichte von Pl\u00fcnderung \u00fcber Zwangsarbeit bis hin zu tausendfachem Mord und ging h\u00e4ufig mit der Brandschatzung ganzer Ortschaften einher. In der deutschen Gesellschaft ist dieser Teil der Vergangenheit nach wie vor kaum pr\u00e4sent. Aber auch in den betroffenen L\u00e4ndern werden bei der Erinnerung an die Gewaltgeschichte vor Ort einige Aspekte bislang zu wenig beachtet. Die politische Instrumentalisierung bestimmter Gruppen beispielsweise f\u00fchrt hier bis heute zu einem erheblichen Ungleichgewicht bei der Repr\u00e4sentation der Betroffenen insgesamt.<\/p>\n\n\n\n<p>Mit dem j\u00fcngst erschienenen Sammelband \u201eVerbrannte D\u00f6rfer \u2013 Nationalsozialistische Verbrechen an der l\u00e4ndlichen Bev\u00f6lkerung in Polen und der Sowjetunion im Zweiten Weltkrieg\u201c versucht KONTAKTE-KOHTAKTbl e.V. die historische Auseinandersetzung mit diesem Thema zu intensivieren.<\/p>\n\n\n\n<div class=\"wp-block-columns is-layout-flex wp-container-core-columns-is-layout-9d6595d7 wp-block-columns-is-layout-flex\">\n<div class=\"wp-block-column is-layout-flow wp-block-column-is-layout-flow\" style=\"flex-basis:100%\">\n<figure class=\"wp-block-image size-large is-resized\"><img decoding=\"async\" width=\"700\" height=\"1034\" src=\"https:\/\/kontakte-kontakty.de\/wp-content\/uploads\/2024\/03\/Verbrannte-Doerfer_Cover-2-700x1034.jpg\" alt=\"\" class=\"wp-image-5295\" style=\"width:446px;height:auto\" srcset=\"https:\/\/kontakte-kontakty.de\/wp-content\/uploads\/2024\/03\/Verbrannte-Doerfer_Cover-2-700x1034.jpg 700w, https:\/\/kontakte-kontakty.de\/wp-content\/uploads\/2024\/03\/Verbrannte-Doerfer_Cover-2-203x300.jpg 203w, https:\/\/kontakte-kontakty.de\/wp-content\/uploads\/2024\/03\/Verbrannte-Doerfer_Cover-2-768x1135.jpg 768w, https:\/\/kontakte-kontakty.de\/wp-content\/uploads\/2024\/03\/Verbrannte-Doerfer_Cover-2-800x1182.jpg 800w, https:\/\/kontakte-kontakty.de\/wp-content\/uploads\/2024\/03\/Verbrannte-Doerfer_Cover-2.jpg 921w\" sizes=\"(max-width: 700px) 100vw, 700px\" \/><\/figure>\n<\/div>\n<\/div>\n\n\n\n<p>Im Rahmen des <em>Jour fixe<\/em> m\u00f6chten wir gern den Blick erneut auf Belarus werfen, das von der deutschen Besatzungsgewalt besonders stark betroffen war und in dem die Erinnerung an die davon betroffene l\u00e4ndliche Bev\u00f6lkerung eine bedeutende Rolle spielt.<\/p>\n\n\n\n<p><strong>Dr. Svetlana Burmistr<\/strong> (Historikerin, Berlin) wird in einem Vortrag an einigen Beispielen die Bedeutung der deutschen Propaganda in der Besatzungspresse f\u00fcr die Gewalt gegen die Zivilbev\u00f6lkerung erl\u00e4utern.<\/p>\n\n\n\n<p>Einf\u00fchrung und Moderation des Gespr\u00e4chs: <strong>Fr\u00e9d\u00e9ric Bonnesoeur<\/strong> (Historiker, Vorstandsmitglied von KONTAKTE-KOHTAKTbI e.V. und Mitherausgeber des Sammelbands \u201eVerbrannte D\u00f6rfer \u2013 Nationalsozialistische Verbrechen an der l\u00e4ndlichen Bev\u00f6lkerung in Polen und der Sowjetunion im Zweiten Weltkrieg\u201c).<\/p>\n\n\n\n<p>Das Buch kann bei der Veranstaltung erworben und signiert werden.<\/p>\n\n\n\n<p>Im Anschluss laden wir Sie traditionell zu Gespr\u00e4ch und Austausch untereinander und mit unseren G\u00e4sten bei einem Getr\u00e4nk und etwas zu Essen ein.<\/p>\n\n\n\n<p>Eintritt frei.<\/p>\n\n\n\n<p>Wir bitten um Anmeldung per E-Mail: <a href=\"mailto:info@kontakte-kontakty.de\" target=\"_blank\" rel=\"noreferrer noopener\">info@kontakte-kontakty.de<\/a>,<br>Telefon: +49 30 78 70 52 88<\/p>\n\n\n\n<p>Mehr unter: <a href=\"https:\/\/www.facebook.com\/kontaktekontakty\">https:\/\/www.facebook.com\/kontaktekontakty<\/a>&nbsp;&nbsp;oder <a href=\"https:\/\/www.instagram.com\/kontakte_kontakty\/\">https:\/\/www.instagram.com\/kontakte_kontakty\/<\/a> und <a href=\"https:\/\/kontakte-kontakty.de\/ueberlebende-der-verbrannten-doerfer-in-belarus\/\">https:\/\/kontakte-kontakty.de\/ueberlebende-der-verbrannten-doerfer-in-belarus\/<\/a><\/p>\n","protected":false},"excerpt":{"rendered":"<p>Herzliche Einladung zum Jour fixe&nbsp;am Freitag, den 22.M\u00e4rz 2024 um 19:00 Uhr bei KONTAKTE-KOHTAKTbI e.V., Feurigstra\u00dfe 68, 10827 Berlin-Sch\u00f6neberg (S1 Bahnhof Julius-Leber-Br\u00fccke) Die im Zweiten Weltkrieg systematisch ausge\u00fcbte Gewalt gegen die l\u00e4ndliche Zivilbev\u00f6lkerung in den von der deutschen Wehrmacht besetzten L\u00e4ndern des \u00f6stlichen Europas reichte von Pl\u00fcnderung \u00fcber Zwangsarbeit bis hin zu tausendfachem Mord und&#8230;<\/p>\n","protected":false},"author":6,"featured_media":5296,"comment_status":"closed","ping_status":"closed","sticky":false,"template":"","format":"standard","meta":{"_coblocks_attr":"","_coblocks_dimensions":"","_coblocks_responsive_height":"","_coblocks_accordion_ie_support":"","_uag_custom_page_level_css":"","footnotes":""},"categories":[21,20],"tags":[34,79,94,53,77,40,35],"class_list":["post-5279","post","type-post","status-publish","format-standard","has-post-thumbnail","hentry","category-meldungen","category-veranstaltungen","tag-belarus","tag-geschichte","tag-khatyn","tag-ns-verbrechen","tag-propaganda","tag-sowjetunion","tag-zweiter-weltkrieg"],"translation":{"provider":"WPGlobus","version":"3.0.2","language":"ru","enabled_languages":["de","ru"],"languages":{"de":{"title":true,"content":true,"excerpt":false},"ru":{"title":false,"content":false,"excerpt":false}}},"uagb_featured_image_src":{"full":["https:\/\/kontakte-kontakty.de\/wp-content\/uploads\/2024\/03\/Verbrannte-Doerfer_Cover-3.jpg",921,1361,false],"thumbnail":["https:\/\/kontakte-kontakty.de\/wp-content\/uploads\/2024\/03\/Verbrannte-Doerfer_Cover-3-150x150.jpg",150,150,true],"medium":["https:\/\/kontakte-kontakty.de\/wp-content\/uploads\/2024\/03\/Verbrannte-Doerfer_Cover-3-203x300.jpg",203,300,true],"medium_large":["https:\/\/kontakte-kontakty.de\/wp-content\/uploads\/2024\/03\/Verbrannte-Doerfer_Cover-3-768x1135.jpg",700,1035,true],"large":["https:\/\/kontakte-kontakty.de\/wp-content\/uploads\/2024\/03\/Verbrannte-Doerfer_Cover-3-700x1034.jpg",700,1034,true],"1536x1536":["https:\/\/kontakte-kontakty.de\/wp-content\/uploads\/2024\/03\/Verbrannte-Doerfer_Cover-3.jpg",921,1361,false],"2048x2048":["https:\/\/kontakte-kontakty.de\/wp-content\/uploads\/2024\/03\/Verbrannte-Doerfer_Cover-3.jpg",921,1361,false],"post-thumbnail":["https:\/\/kontakte-kontakty.de\/wp-content\/uploads\/2024\/03\/Verbrannte-Doerfer_Cover-3-800x1182.jpg",800,1182,true],"graphy-post-thumbnail-large":["https:\/\/kontakte-kontakty.de\/wp-content\/uploads\/2024\/03\/Verbrannte-Doerfer_Cover-3-921x600.jpg",921,600,true],"graphy-post-thumbnail-medium":["https:\/\/kontakte-kontakty.de\/wp-content\/uploads\/2024\/03\/Verbrannte-Doerfer_Cover-3-482x300.jpg",482,300,true],"graphy-post-thumbnail-small":["https:\/\/kontakte-kontakty.de\/wp-content\/uploads\/2024\/03\/Verbrannte-Doerfer_Cover-3-80x60.jpg",80,60,true],"graphy-page-thumbnail":["https:\/\/kontakte-kontakty.de\/wp-content\/uploads\/2024\/03\/Verbrannte-Doerfer_Cover-3-921x350.jpg",921,350,true]},"uagb_author_info":{"display_name":"Sv3tLANA","author_link":"https:\/\/kontakte-kontakty.de\/ru\/author\/sv3tlana\/"},"uagb_comment_info":0,"uagb_excerpt":"Herzliche Einladung zum Jour fixe&nbsp;am Freitag, den 22.M\u00e4rz 2024 um 19:00 Uhr bei KONTAKTE-KOHTAKTbI e.V., Feurigstra\u00dfe 68, 10827 Berlin-Sch\u00f6neberg (S1 Bahnhof Julius-Leber-Br\u00fccke) Die im Zweiten Weltkrieg systematisch ausge\u00fcbte Gewalt gegen die l\u00e4ndliche Zivilbev\u00f6lkerung in den von der deutschen Wehrmacht besetzten L\u00e4ndern des \u00f6stlichen Europas reichte von Pl\u00fcnderung \u00fcber Zwangsarbeit bis hin zu tausendfachem Mord und...","_links":{"self":[{"href":"https:\/\/kontakte-kontakty.de\/ru\/wp-json\/wp\/v2\/posts\/5279","targetHints":{"allow":["GET"]}}],"collection":[{"href":"https:\/\/kontakte-kontakty.de\/ru\/wp-json\/wp\/v2\/posts"}],"about":[{"href":"https:\/\/kontakte-kontakty.de\/ru\/wp-json\/wp\/v2\/types\/post"}],"author":[{"embeddable":true,"href":"https:\/\/kontakte-kontakty.de\/ru\/wp-json\/wp\/v2\/users\/6"}],"replies":[{"embeddable":true,"href":"https:\/\/kontakte-kontakty.de\/ru\/wp-json\/wp\/v2\/comments?post=5279"}],"version-history":[{"count":3,"href":"https:\/\/kontakte-kontakty.de\/ru\/wp-json\/wp\/v2\/posts\/5279\/revisions"}],"predecessor-version":[{"id":5586,"href":"https:\/\/kontakte-kontakty.de\/ru\/wp-json\/wp\/v2\/posts\/5279\/revisions\/5586"}],"wp:featuredmedia":[{"embeddable":true,"href":"https:\/\/kontakte-kontakty.de\/ru\/wp-json\/wp\/v2\/media\/5296"}],"wp:attachment":[{"href":"https:\/\/kontakte-kontakty.de\/ru\/wp-json\/wp\/v2\/media?parent=5279"}],"wp:term":[{"taxonomy":"category","embeddable":true,"href":"https:\/\/kontakte-kontakty.de\/ru\/wp-json\/wp\/v2\/categories?post=5279"},{"taxonomy":"post_tag","embeddable":true,"href":"https:\/\/kontakte-kontakty.de\/ru\/wp-json\/wp\/v2\/tags?post=5279"}],"curies":[{"name":"wp","href":"https:\/\/api.w.org\/{rel}","templated":true}]}}