{"id":5083,"date":"2023-06-01T23:09:33","date_gmt":"2023-06-01T21:09:33","guid":{"rendered":"https:\/\/kontakte-kontakty.de\/?p=5083"},"modified":"2023-06-01T23:12:59","modified_gmt":"2023-06-01T21:12:59","slug":"tatiana-grigorjewna-k-freitagsbrief-nr-232","status":"publish","type":"post","link":"https:\/\/kontakte-kontakty.de\/ru\/tatiana-grigorjewna-k-freitagsbrief-nr-232\/","title":{"rendered":"Tatiana Grigorjewna K. &#8211; Freitagsbrief Nr. 232"},"content":{"rendered":"\n<p><strong>Belarus<\/strong>, <strong>Bobuysk<\/strong><\/p>\n\n\n\n<p>Mai 2023<\/p>\n\n\n\n<p>Sehr geehrter Bernhard Blankenhorn und Ragna Vogel,<\/p>\n\n\n\n<p>mein Name ist Tatiana Grigorjewna K. und ich wurde im Januar 1942 in Perekol, Bezirk Klichevsk, Wei\u00dfrussland geboren. Ich habe \u00fcber die Stiftung \u201eGegenseitige Verst\u00e4ndigung\u201c einen Geldbetrag erhalten, und dann bekam ich einen Brief von \u201eKONTAKTE\u201c, der mich zutiefst ber\u00fchrte.\u00a0 Besonders unerwartet war, dass sich die heutigen Deutschen nicht nur der Trag\u00f6die der Belarussen bewusst sind, die sich vor 80 Jahren ereignet hat, sondern dass sie ihr Bestes tun, um die Informationen dar\u00fcber im Ged\u00e4chtnis der Deutschen zu bewahren.<\/p>\n\n\n\n<p>Als der Krieg begann, war meine Mutter Elena R. 31 Jahre alt, mein Vater Grigory Leonovich &#8211; 33. Sie hatten drei Kinder: 13 und 10 Jahre alt, und im Januar 1942 wurde ich geboren.&nbsp; Mein Vater ging an die Front.<\/p>\n\n\n\n<p>Ich m\u00f6chte Ihnen zwei Begebenheiten aus meinem Leben erz\u00e4hlen, die sich w\u00e4hrend des Krieges ereigneten:<\/p>\n\n\n\n<p>1. Fr\u00fchjahr\/Sommer 1942.\u00a0 Zu dieser Zeit r\u00fcckten die Deutschen vor, und viele wei\u00dfrussische D\u00f6rfer wurden bombardiert. Ich war zwischen 3 und 6 Monaten alt. Meine Mutter und die \u00e4lteren Kinder arbeiteten auf den Feldern, und ich (ein S\u00e4ugling) wurde allein im Haus gelassen. Als unser Dorf bombardiert wurde, rannten alle Menschen in den Wald. Die \u00e4lteren Kinder und die K\u00fche wurden gerettet, weil das die Ern\u00e4hrung erm\u00f6glichte. Sie kamen nicht zur\u00fcck, um mich zu holen, denn es war vor allem nachts kalt und ein kleines Kind konnte im Wald nicht \u00fcberleben, au\u00dferdem war es unm\u00f6glich, w\u00e4hrend des Bombardements ins Dorf zur\u00fcckzukehren. Die Bombardierung dauerte sehr lange. Nach den Worten meiner Mutter kehrten sie dann nach anderthalb\/zweieinhalb Tagen ins Dorf zur\u00fcck.<\/p>\n\n\n\n<p>Als die Leute aus dem Wald ins Dorf kamen, sahen sie mit Entsetzen, dass das Dorf verschwunden war. Alle H\u00e4user waren bombardiert worden und waren niedergebrannt. Vor der Bombardierung gab es 90-95 H\u00e4user im Dorf. Nach der Bombardierung waren nur noch f\u00fcnf relativ intakte H\u00e4user \u00fcbrig. Unseres eingeschlossen. Meine Mutter erz\u00e4hlte mir, dass ich weinte, als sie die T\u00fcr \u00f6ffnete, und sie erkannte, dass ich noch lebte, obwohl ich schon sehr lange ohne Wasser und Essen gewesen war.<\/p>\n\n\n\n<p>Meine Cousine war tats\u00e4chlich im Sumpf verschwunden. Das kam, weil die Menschen vor den Nazis in gro\u00dfer Angst gefl\u00fcchtet waren. Dann haben andere Dorfbewohner sie gefunden und auch sie hat \u00fcberlebt. Und wie viele Menschen und vielleicht auch Kinder starben bei diesen Bombenangriffen.<\/p>\n\n\n\n<p>2. 1943 war der zweite Vorfall. Genauer kann ich es Ihnen nicht sagen. Meine Mutter hatte einen Bruder, Alexej Fjodorowitsch Siwatschew. Er schloss sich den Partisanen an. Damals zog sich der Krieg in die L\u00e4nge, und die belarussischen Partisanen trugen wesentlich dazu bei, dass es f\u00fcr die Faschisten \u00a0\u00a0\u00a0 \u00a0\u00a0\u00a0 \u00a0\u00a0\u00a0 \u00a0\u00a0\u00a0 nicht so leicht war, in unser Land vorzudringen. Deshalb ordnete das deutsche Kommando eine Strafaktion in Wei\u00dfrussland an.\u00a0Alle, Ehefrauen, Kinder, Verwandte der Partisanen, sollten erschossen werden. Die Deutschen kamen zu unserem Haus und nahmen sofort meine Mutter, mit mir in den Armen, als Schwester eines Partisanen\u00a0mit. Als wir zur Hinrichtung gef\u00fchrt wurden, nahm ein Einheimischer, der als Polizist [<em>Kollaborateur d. \u00dcbers<\/em>] arbeitete, aber gro\u00dfen Respekt vor meinem Vater hatte, meine Mutter und mich am Arm und stie\u00df uns in das Haus, in dessen N\u00e4he die Menschen erschossen wurden. Gerade als meine Mutter mit mir auf dem Arm auf die\u00a0 Bank im Haus fiel, h\u00f6rte sie die Sch\u00fcsse.\u00a0Sieben Menschen wurden an diesem Tag erschossen. Stellen Sie sich das Grauen einer Frau vor, die mit einem Baby im Arm zu einer Erschie\u00dfung gef\u00fchrt wird&#8230; Das waren zwei solch schreckliche Episoden.<\/p>\n\n\n\n<p>F\u00fcr diese gro\u00dfe Sache, f\u00fcr den Willen, dem deutschen Volk die Wahrheit zu bringen, sind wir, die \u00fcberlebenden Kinder des Krieges, Ihnen unendlich dankbar.\u00a0So etwas darf nie wieder geschehen.<\/p>\n\n\n\n<p>Ich bin damit einverstanden, wenn Sie sich entschlie\u00dfen, meine Geschichten zu ver\u00f6ffentlichen.<\/p>\n\n\n\n<p>Mit freundlichen Gr\u00fc\u00dfen<br>K. Tatiana Grigorjewna.<\/p>\n","protected":false},"excerpt":{"rendered":"<p>Belarus, Bobuysk Mai 2023 Sehr geehrter Bernhard Blankenhorn und Ragna Vogel, mein Name ist Tatiana Grigorjewna K. und ich wurde im Januar 1942 in Perekol, Bezirk Klichevsk, Wei\u00dfrussland geboren. Ich habe \u00fcber die Stiftung \u201eGegenseitige Verst\u00e4ndigung\u201c einen Geldbetrag erhalten, und dann bekam ich einen Brief von \u201eKONTAKTE\u201c, der mich zutiefst ber\u00fchrte.\u00a0 Besonders unerwartet war, dass&#8230;<\/p>\n","protected":false},"author":7,"featured_media":0,"comment_status":"closed","ping_status":"closed","sticky":false,"template":"","format":"standard","meta":{"_coblocks_attr":"","_coblocks_dimensions":"","_coblocks_responsive_height":"","_coblocks_accordion_ie_support":"","_uag_custom_page_level_css":"","footnotes":""},"categories":[23],"tags":[],"class_list":["post-5083","post","type-post","status-publish","format-standard","hentry","category-briefe-der-ueberlebenden-verbrannter-doerfer-belarus"],"translation":{"provider":"WPGlobus","version":"3.0.2","language":"ru","enabled_languages":["de","ru"],"languages":{"de":{"title":true,"content":true,"excerpt":false},"ru":{"title":false,"content":false,"excerpt":false}}},"uagb_featured_image_src":{"full":false,"thumbnail":false,"medium":false,"medium_large":false,"large":false,"1536x1536":false,"2048x2048":false,"post-thumbnail":false,"graphy-post-thumbnail-large":false,"graphy-post-thumbnail-medium":false,"graphy-post-thumbnail-small":false,"graphy-page-thumbnail":false},"uagb_author_info":{"display_name":"Jann4P3TERs3n","author_link":"https:\/\/kontakte-kontakty.de\/ru\/author\/jann4p3ters3n\/"},"uagb_comment_info":0,"uagb_excerpt":"Belarus, Bobuysk Mai 2023 Sehr geehrter Bernhard Blankenhorn und Ragna Vogel, mein Name ist Tatiana Grigorjewna K. und ich wurde im Januar 1942 in Perekol, Bezirk Klichevsk, Wei\u00dfrussland geboren. Ich habe \u00fcber die Stiftung \u201eGegenseitige Verst\u00e4ndigung\u201c einen Geldbetrag erhalten, und dann bekam ich einen Brief von \u201eKONTAKTE\u201c, der mich zutiefst ber\u00fchrte.\u00a0 Besonders unerwartet war, dass...","_links":{"self":[{"href":"https:\/\/kontakte-kontakty.de\/ru\/wp-json\/wp\/v2\/posts\/5083","targetHints":{"allow":["GET"]}}],"collection":[{"href":"https:\/\/kontakte-kontakty.de\/ru\/wp-json\/wp\/v2\/posts"}],"about":[{"href":"https:\/\/kontakte-kontakty.de\/ru\/wp-json\/wp\/v2\/types\/post"}],"author":[{"embeddable":true,"href":"https:\/\/kontakte-kontakty.de\/ru\/wp-json\/wp\/v2\/users\/7"}],"replies":[{"embeddable":true,"href":"https:\/\/kontakte-kontakty.de\/ru\/wp-json\/wp\/v2\/comments?post=5083"}],"version-history":[{"count":3,"href":"https:\/\/kontakte-kontakty.de\/ru\/wp-json\/wp\/v2\/posts\/5083\/revisions"}],"predecessor-version":[{"id":5087,"href":"https:\/\/kontakte-kontakty.de\/ru\/wp-json\/wp\/v2\/posts\/5083\/revisions\/5087"}],"wp:attachment":[{"href":"https:\/\/kontakte-kontakty.de\/ru\/wp-json\/wp\/v2\/media?parent=5083"}],"wp:term":[{"taxonomy":"category","embeddable":true,"href":"https:\/\/kontakte-kontakty.de\/ru\/wp-json\/wp\/v2\/categories?post=5083"},{"taxonomy":"post_tag","embeddable":true,"href":"https:\/\/kontakte-kontakty.de\/ru\/wp-json\/wp\/v2\/tags?post=5083"}],"curies":[{"name":"wp","href":"https:\/\/api.w.org\/{rel}","templated":true}]}}