{"id":3832,"date":"2020-06-29T12:30:48","date_gmt":"2020-06-29T10:30:48","guid":{"rendered":"https:\/\/kontakte-kontakty.de\/?p=3832"},"modified":"2020-06-29T12:30:50","modified_gmt":"2020-06-29T10:30:50","slug":"der-deutsche-krieg-um-lebensraum-im-osten-1939-1945-ereignisse-und-erinnerung","status":"publish","type":"post","link":"https:\/\/kontakte-kontakty.de\/ru\/der-deutsche-krieg-um-lebensraum-im-osten-1939-1945-ereignisse-und-erinnerung\/","title":{"rendered":"Der deutsche Krieg um \u201eLebensraum im Osten\u201c 1939\u20131945 Ereignisse und Erinnerung"},"content":{"rendered":"\n<div class=\"wp-block-columns is-layout-flex wp-container-core-columns-is-layout-9d6595d7 wp-block-columns-is-layout-flex\">\n<div class=\"wp-block-column is-layout-flow wp-block-column-is-layout-flow\">\n<p>Die Menschen, die dem nationalsozialistischen Vernichtungskrieg und der Ideologie vom \u201eLebensraum im Osten\u201c zum Opfer fielen, werden im kollektiven Ged\u00e4chtnis der Deutschen bis heute nur am Rande wahrgenommen. Die Beitr\u00e4ge des auf eine Vortragsreihe zur\u00fcckgehenden Sammelbandes und ein Dokumentenanhang informieren \u00fcber diesen Komplex nationalsozialistischer Verbrechen, \u00fcber die Millionen Opfer und \u00fcber die jahrzehntelang verweigerte Erinnerung in der deutschen \u00d6ffentlichkeit.<br><br>Peter Jahn; Florian Wieler; Daniel Ziemer (Hg.), Berlin 2017<br><br><a href=\"https:\/\/metropol-verlag.de\/produkt\/der-deutsche-krieg-um-lebensraum-im-osten-1939-1945\/\" target=\"_blank\" rel=\"noreferrer noopener\">Zur Bestellung<\/a><\/p>\n<\/div>\n\n\n\n<div class=\"wp-block-column is-layout-flow wp-block-column-is-layout-flow\">\n<div class=\"wp-block-image\"><figure class=\"alignright size-large is-resized\"><img decoding=\"async\" src=\"https:\/\/kontakte-kontakty.de\/wp-content\/uploads\/2020\/06\/Jahn_Lebensraum-Cover.jpg\" alt=\"\" class=\"wp-image-3833\" width=\"284\" height=\"448\" srcset=\"https:\/\/kontakte-kontakty.de\/wp-content\/uploads\/2020\/06\/Jahn_Lebensraum-Cover.jpg 382w, https:\/\/kontakte-kontakty.de\/wp-content\/uploads\/2020\/06\/Jahn_Lebensraum-Cover-190x300.jpg 190w\" sizes=\"(max-width: 284px) 100vw, 284px\" \/><\/figure><\/div>\n<\/div>\n<\/div>\n","protected":false},"excerpt":{"rendered":"<p>Die Menschen, die dem nationalsozialistischen Vernichtungskrieg und der Ideologie vom \u201eLebensraum im Osten\u201c zum Opfer fielen, werden im kollektiven Ged\u00e4chtnis der Deutschen bis heute nur am Rande wahrgenommen. Die Beitr\u00e4ge des auf eine Vortragsreihe zur\u00fcckgehenden Sammelbandes und ein Dokumentenanhang informieren \u00fcber diesen Komplex nationalsozialistischer Verbrechen, \u00fcber die Millionen Opfer und \u00fcber die jahrzehntelang verweigerte Erinnerung&#8230;<\/p>\n","protected":false},"author":5,"featured_media":3833,"comment_status":"closed","ping_status":"closed","sticky":false,"template":"","format":"standard","meta":{"_coblocks_attr":"","_coblocks_dimensions":"","_coblocks_responsive_height":"","_coblocks_accordion_ie_support":"","_uag_custom_page_level_css":"","footnotes":""},"categories":[22],"tags":[],"class_list":["post-3832","post","type-post","status-publish","format-standard","has-post-thumbnail","hentry","category-publikationen-und-ausstellungen"],"translation":{"provider":"WPGlobus","version":"3.0.2","language":"ru","enabled_languages":["de","ru"],"languages":{"de":{"title":true,"content":true,"excerpt":false},"ru":{"title":false,"content":false,"excerpt":false}}},"uagb_featured_image_src":{"full":["https:\/\/kontakte-kontakty.de\/wp-content\/uploads\/2020\/06\/Jahn_Lebensraum-Cover.jpg",382,604,false],"thumbnail":["https:\/\/kontakte-kontakty.de\/wp-content\/uploads\/2020\/06\/Jahn_Lebensraum-Cover-150x150.jpg",150,150,true],"medium":["https:\/\/kontakte-kontakty.de\/wp-content\/uploads\/2020\/06\/Jahn_Lebensraum-Cover-190x300.jpg",190,300,true],"medium_large":["https:\/\/kontakte-kontakty.de\/wp-content\/uploads\/2020\/06\/Jahn_Lebensraum-Cover.jpg",382,604,false],"large":["https:\/\/kontakte-kontakty.de\/wp-content\/uploads\/2020\/06\/Jahn_Lebensraum-Cover.jpg",382,604,false],"1536x1536":["https:\/\/kontakte-kontakty.de\/wp-content\/uploads\/2020\/06\/Jahn_Lebensraum-Cover.jpg",382,604,false],"2048x2048":["https:\/\/kontakte-kontakty.de\/wp-content\/uploads\/2020\/06\/Jahn_Lebensraum-Cover.jpg",382,604,false],"post-thumbnail":["https:\/\/kontakte-kontakty.de\/wp-content\/uploads\/2020\/06\/Jahn_Lebensraum-Cover.jpg",382,604,false],"graphy-post-thumbnail-large":["https:\/\/kontakte-kontakty.de\/wp-content\/uploads\/2020\/06\/Jahn_Lebensraum-Cover-382x600.jpg",382,600,true],"graphy-post-thumbnail-medium":["https:\/\/kontakte-kontakty.de\/wp-content\/uploads\/2020\/06\/Jahn_Lebensraum-Cover-382x300.jpg",382,300,true],"graphy-post-thumbnail-small":["https:\/\/kontakte-kontakty.de\/wp-content\/uploads\/2020\/06\/Jahn_Lebensraum-Cover-80x60.jpg",80,60,true],"graphy-page-thumbnail":["https:\/\/kontakte-kontakty.de\/wp-content\/uploads\/2020\/06\/Jahn_Lebensraum-Cover-382x350.jpg",382,350,true]},"uagb_author_info":{"display_name":"KS","author_link":"https:\/\/kontakte-kontakty.de\/ru\/author\/kntktbrln999\/"},"uagb_comment_info":0,"uagb_excerpt":"Die Menschen, die dem nationalsozialistischen Vernichtungskrieg und der Ideologie vom \u201eLebensraum im Osten\u201c zum Opfer fielen, werden im kollektiven Ged\u00e4chtnis der Deutschen bis heute nur am Rande wahrgenommen. Die Beitr\u00e4ge des auf eine Vortragsreihe zur\u00fcckgehenden Sammelbandes und ein Dokumentenanhang informieren \u00fcber diesen Komplex nationalsozialistischer Verbrechen, \u00fcber die Millionen Opfer und \u00fcber die jahrzehntelang verweigerte Erinnerung...","_links":{"self":[{"href":"https:\/\/kontakte-kontakty.de\/ru\/wp-json\/wp\/v2\/posts\/3832","targetHints":{"allow":["GET"]}}],"collection":[{"href":"https:\/\/kontakte-kontakty.de\/ru\/wp-json\/wp\/v2\/posts"}],"about":[{"href":"https:\/\/kontakte-kontakty.de\/ru\/wp-json\/wp\/v2\/types\/post"}],"author":[{"embeddable":true,"href":"https:\/\/kontakte-kontakty.de\/ru\/wp-json\/wp\/v2\/users\/5"}],"replies":[{"embeddable":true,"href":"https:\/\/kontakte-kontakty.de\/ru\/wp-json\/wp\/v2\/comments?post=3832"}],"version-history":[{"count":2,"href":"https:\/\/kontakte-kontakty.de\/ru\/wp-json\/wp\/v2\/posts\/3832\/revisions"}],"predecessor-version":[{"id":3835,"href":"https:\/\/kontakte-kontakty.de\/ru\/wp-json\/wp\/v2\/posts\/3832\/revisions\/3835"}],"wp:featuredmedia":[{"embeddable":true,"href":"https:\/\/kontakte-kontakty.de\/ru\/wp-json\/wp\/v2\/media\/3833"}],"wp:attachment":[{"href":"https:\/\/kontakte-kontakty.de\/ru\/wp-json\/wp\/v2\/media?parent=3832"}],"wp:term":[{"taxonomy":"category","embeddable":true,"href":"https:\/\/kontakte-kontakty.de\/ru\/wp-json\/wp\/v2\/categories?post=3832"},{"taxonomy":"post_tag","embeddable":true,"href":"https:\/\/kontakte-kontakty.de\/ru\/wp-json\/wp\/v2\/tags?post=3832"}],"curies":[{"name":"wp","href":"https:\/\/api.w.org\/{rel}","templated":true}]}}