{"id":2913,"date":"2018-11-23T20:42:20","date_gmt":"2018-11-23T19:42:20","guid":{"rendered":"https:\/\/kontakte-kontakty.de\/?p=2913"},"modified":"2019-06-17T20:43:18","modified_gmt":"2019-06-17T18:43:18","slug":"blinde-flecken-eine-oeffentliche-vorlesung-in-moskau","status":"publish","type":"post","link":"https:\/\/kontakte-kontakty.de\/ru\/blinde-flecken-eine-oeffentliche-vorlesung-in-moskau\/","title":{"rendered":"Blinde Flecken:\u00a0Eine \u00f6ffentliche Vorlesung in Moskau"},"content":{"rendered":"\n<figure class=\"wp-block-image\"><img decoding=\"async\" width=\"600\" height=\"400\" src=\"https:\/\/kontakte-kontakty.de\/wp-content\/uploads\/2017\/11\/IMG_4219.jpg\" alt=\"\" class=\"wp-image-2673\" srcset=\"https:\/\/kontakte-kontakty.de\/wp-content\/uploads\/2017\/11\/IMG_4219.jpg 600w, https:\/\/kontakte-kontakty.de\/wp-content\/uploads\/2017\/11\/IMG_4219-300x200.jpg 300w\" sizes=\"(max-width: 600px) 100vw, 600px\" \/><\/figure>\n\n\n\n<p>Am 16.11.2018 fand im Rahmen unseres Projektes <strong><a href=\"https:\/\/kontakte-kontakty.de\/jugend-und-bildungsprojekte\/\">\u201eMemory-Wiki \u2013 Auf den Spuren der Erinnerung an vergessenen NS-Opfern in Russland, Deutschland und der Ukraine\u201c<\/a><\/strong> eine \u00f6ffentliche Vorlesung bei unserem Moskauer Projektpartner der Higher School of Economics statt. Der <strong>Historiker Dmitrij Stratievski<\/strong> trug seine Thesen unter dem Titel \u201eBlinde Flecken \u2013 Erinnerungskultur in Russland und Deutschland. \u00dcber die vergessenen NS-Opfer am Beispiel der sowjetischen Kriegsgefangenen&#8221; vor. Es standen die historischen, politischen und auch ganz praktischen Gr\u00fcnden im Zentrum, die dazu beitrugen und beitragen, dass diese Opfergruppe erst relativ sp\u00e4t und bis heute sehr rare wissenschaftliche Aufarbeitung erf\u00e4hrt. Damit im Zusammenhang steht auch die &#8220;Vergessenheit&#8221;, in der das an ihnen begangene Unrecht sowohl in der deutschen als auch in der russischen Gesellschaft bis heute liegt. Herr Stratievskis derzeitige Aufmerksamkeit gilt seiner Arbeit in einem deutsch-russischen Datenbank-Projekt \u201eSowjetische und deutsche Kriegsgefangene und Internierte\u201c, welches vor allem zur Schicksalskl\u00e4rung von sowjetischen Kriegsgefangenen beitragen soll. Mehr dazu finden Sie<a href=\"https:\/\/www.dhi-moskau.org\/de\/forschung\/herrschaft-und-krieg\/sowjetische-und-deutsche-kriegsgefangene.html\"> hier<\/a><\/p>\n\n\n\n<p>Eine vor allem studentische Zuh\u00f6rerschaft brachte im Anschluss viele Fragen ein und es wurden auch die Situation in der Ukraine und in Belarus in den Blick genommen.<\/p>\n\n\n\n<p>Die Veranstaltung wurde gef\u00f6rdert durch:<br><em>Stiftung Erinnerung Lindau<\/em><\/p>\n\n\n\n<div class=\"wp-block-image\"><figure class=\"alignleft\"><img decoding=\"async\" width=\"300\" height=\"63\" src=\"https:\/\/kontakte-kontakty.de\/wp-content\/uploads\/2018\/02\/evz_logo-300x63-300x63.png\" alt=\"\" class=\"wp-image-2516\"\/><\/figure><\/div>\n\n\n\n<div class=\"wp-block-image\"><figure class=\"alignleft\"><img decoding=\"async\" width=\"258\" height=\"102\" src=\"https:\/\/kontakte-kontakty.de\/wp-content\/uploads\/2018\/02\/AA_klein-2.jpg\" alt=\"\" class=\"wp-image-2517\"\/><\/figure><\/div>\n","protected":false},"excerpt":{"rendered":"<p>Am 16.11.2018 fand im Rahmen unseres Projektes \u201eMemory-Wiki \u2013 Auf den Spuren der Erinnerung an vergessenen NS-Opfern in Russland, Deutschland und der Ukraine\u201c eine \u00f6ffentliche Vorlesung bei unserem Moskauer Projektpartner der Higher School of Economics statt. Der Historiker Dmitrij Stratievski trug seine Thesen unter dem Titel \u201eBlinde Flecken \u2013 Erinnerungskultur in Russland und Deutschland. \u00dcber&#8230;<\/p>\n","protected":false},"author":5,"featured_media":2673,"comment_status":"open","ping_status":"open","sticky":false,"template":"","format":"standard","meta":{"_coblocks_attr":"","_coblocks_dimensions":"","_coblocks_responsive_height":"","_coblocks_accordion_ie_support":"","_uag_custom_page_level_css":"","footnotes":""},"categories":[21],"tags":[],"class_list":["post-2913","post","type-post","status-publish","format-standard","has-post-thumbnail","hentry","category-meldungen"],"translation":{"provider":"WPGlobus","version":"3.0.2","language":"ru","enabled_languages":["de","ru"],"languages":{"de":{"title":true,"content":true,"excerpt":false},"ru":{"title":false,"content":false,"excerpt":false}}},"uagb_featured_image_src":{"full":["https:\/\/kontakte-kontakty.de\/wp-content\/uploads\/2017\/11\/IMG_4219.jpg",600,400,false],"thumbnail":["https:\/\/kontakte-kontakty.de\/wp-content\/uploads\/2017\/11\/IMG_4219-150x150.jpg",150,150,true],"medium":["https:\/\/kontakte-kontakty.de\/wp-content\/uploads\/2017\/11\/IMG_4219-300x200.jpg",300,200,true],"medium_large":["https:\/\/kontakte-kontakty.de\/wp-content\/uploads\/2017\/11\/IMG_4219.jpg",600,400,false],"large":["https:\/\/kontakte-kontakty.de\/wp-content\/uploads\/2017\/11\/IMG_4219.jpg",600,400,false],"1536x1536":["https:\/\/kontakte-kontakty.de\/wp-content\/uploads\/2017\/11\/IMG_4219.jpg",600,400,false],"2048x2048":["https:\/\/kontakte-kontakty.de\/wp-content\/uploads\/2017\/11\/IMG_4219.jpg",600,400,false],"post-thumbnail":["https:\/\/kontakte-kontakty.de\/wp-content\/uploads\/2017\/11\/IMG_4219.jpg",600,400,false],"graphy-post-thumbnail-large":["https:\/\/kontakte-kontakty.de\/wp-content\/uploads\/2017\/11\/IMG_4219.jpg",600,400,false],"graphy-post-thumbnail-medium":["https:\/\/kontakte-kontakty.de\/wp-content\/uploads\/2017\/11\/IMG_4219-482x300.jpg",482,300,true],"graphy-post-thumbnail-small":["https:\/\/kontakte-kontakty.de\/wp-content\/uploads\/2017\/11\/IMG_4219-80x60.jpg",80,60,true],"graphy-page-thumbnail":["https:\/\/kontakte-kontakty.de\/wp-content\/uploads\/2017\/11\/IMG_4219-600x350.jpg",600,350,true]},"uagb_author_info":{"display_name":"KS","author_link":"https:\/\/kontakte-kontakty.de\/ru\/author\/kntktbrln999\/"},"uagb_comment_info":0,"uagb_excerpt":"Am 16.11.2018 fand im Rahmen unseres Projektes \u201eMemory-Wiki \u2013 Auf den Spuren der Erinnerung an vergessenen NS-Opfern in Russland, Deutschland und der Ukraine\u201c eine \u00f6ffentliche Vorlesung bei unserem Moskauer Projektpartner der Higher School of Economics statt. Der Historiker Dmitrij Stratievski trug seine Thesen unter dem Titel \u201eBlinde Flecken \u2013 Erinnerungskultur in Russland und Deutschland. \u00dcber...","_links":{"self":[{"href":"https:\/\/kontakte-kontakty.de\/ru\/wp-json\/wp\/v2\/posts\/2913","targetHints":{"allow":["GET"]}}],"collection":[{"href":"https:\/\/kontakte-kontakty.de\/ru\/wp-json\/wp\/v2\/posts"}],"about":[{"href":"https:\/\/kontakte-kontakty.de\/ru\/wp-json\/wp\/v2\/types\/post"}],"author":[{"embeddable":true,"href":"https:\/\/kontakte-kontakty.de\/ru\/wp-json\/wp\/v2\/users\/5"}],"replies":[{"embeddable":true,"href":"https:\/\/kontakte-kontakty.de\/ru\/wp-json\/wp\/v2\/comments?post=2913"}],"version-history":[{"count":2,"href":"https:\/\/kontakte-kontakty.de\/ru\/wp-json\/wp\/v2\/posts\/2913\/revisions"}],"predecessor-version":[{"id":2915,"href":"https:\/\/kontakte-kontakty.de\/ru\/wp-json\/wp\/v2\/posts\/2913\/revisions\/2915"}],"wp:featuredmedia":[{"embeddable":true,"href":"https:\/\/kontakte-kontakty.de\/ru\/wp-json\/wp\/v2\/media\/2673"}],"wp:attachment":[{"href":"https:\/\/kontakte-kontakty.de\/ru\/wp-json\/wp\/v2\/media?parent=2913"}],"wp:term":[{"taxonomy":"category","embeddable":true,"href":"https:\/\/kontakte-kontakty.de\/ru\/wp-json\/wp\/v2\/categories?post=2913"},{"taxonomy":"post_tag","embeddable":true,"href":"https:\/\/kontakte-kontakty.de\/ru\/wp-json\/wp\/v2\/tags?post=2913"}],"curies":[{"name":"wp","href":"https:\/\/api.w.org\/{rel}","templated":true}]}}